{"id":157,"date":"2017-03-02T15:30:50","date_gmt":"2017-03-02T15:30:50","guid":{"rendered":"http:\/\/gr-akademiker-berlin.de\/?p=157"},"modified":"2020-05-12T08:20:09","modified_gmt":"2020-05-12T08:20:09","slug":"neue-griechische-migration-call-for-papers","status":"publish","type":"post","link":"http:\/\/gr-akademiker-berlin.de\/?p=157&lang=de","title":{"rendered":"Call for Papers (NEM)"},"content":{"rendered":"<blockquote><p><span style=\"font-size: 14pt;\">Tagung: Neue griechische Migration<br \/>\n14-15 Oktober 2017, Berlin<\/span><\/p><\/blockquote>\n<p>F\u00fcr die Tagung sind Beitr\u00e4ge erw\u00fcnscht von:<\/p>\n<ol style=\"list-style-type: lower-alpha;\">\n<li>Wissenschaftlern und Akademikern mit dem Arbeitsschwerpunkt \u201eneue griechische Migration\u201c.<\/li>\n<li>Wissenschaftlern und Akademikern mit dem Arbeitsschwerpunkt \u201eBrain Drain\u201c<\/li>\n<li>Vertretern von Organisationen (Vereine der Auslandsgriechen, NGOs. Gewerkschaften, staatliche Institutionen), die sich mit dem Thema \u201eneue Migration\u201c besch\u00e4ftigen.<\/li>\n<\/ol>\n<p style=\"text-align: right;\"><span style=\"font-size: 12pt;\"><a href=\"http:\/\/gr-akademiker-berlin.de\/de\/teilnahme-mit-praesentation-nem\/\" target=\"_blank\">Teilnahme mit Pr\u00e4sentation<\/a><\/span><\/p>\n<p><span style=\"font-size: 18pt;\">Thematische Einheiten<\/span><\/p>\n<blockquote><p>NEUE GRIECHISCHE MIGRATION<\/p><\/blockquote>\n<p>Wissenschaftliches Footprint der neuen griechischen Migration, insbesondere des Brain Drain Ph\u00e4nomens. Theoretische Betrachtung der Ursachen und der politischen Handlungen.<\/p>\n<blockquote><p>\u00a0INTEGRATIONSMECHANISMEN<\/p><\/blockquote>\n<p>Erfahrungen der Migranten in den Empfangsl\u00e4ndern. Mechanismen der gesellschaftlichen und wirtschaftlichen Integration. Interaktion mit den lokalen Communities und den betroffenen Organisationen der griechischen Diaspora.<\/p>\n<blockquote><p>KULTURELLE DIMENSION DER NEUEN MIGRATION<\/p><\/blockquote>\n<p>Interkulturelle Einfl\u00fcsse der neuen griechischen Migranten mit den lokalen Communities. Pr\u00e4senz und Aktivit\u00e4ten der Kulturschaffenden in den Empfangsl\u00e4ndern.<\/p>\n<p>&nbsp;<\/p>\n<p><span style=\"font-size: 14pt;\">Beitr\u00e4ge f\u00fcr die Tagung k\u00f6nnen in griechischer und deutscher Sprache gehalten werden.<\/span><\/p>\n<p>Interessierte, die einen Beitrag vorschlagen m\u00f6chten, bitten wir bis sp\u00e4testens 30. April 2017 folgende Informationen zu senden:<\/p>\n<ol>\n<li>\u00a0Ausgef\u00fclltes Teilnahmeformular <strong><a href=\"http:\/\/gr-akademiker-berlin.de\/de\/teilnahme-mit-praesentation-nem\/\" target=\"_blank\">online<\/a><\/strong><\/li>\n<li>\u00a0Zusammenfassung des Beitrags in Griechisch oder Deutsch (max. 300 W\u00f6rter)<\/li>\n<li>\u00a0Kurze Angaben zum Lebenslauf, Funktion, akademische Stelle (je 40-60 W\u00f6rter f\u00fcr Autor und Ko-Autoren)<\/li>\n<\/ol>\n<p>Die Aufnahme des Beitrags f\u00fcr die Tagung wird vom wissenschaftlichen Beirat der Tagung entschieden. Eine entsprechende Benachrichtigung wird sp\u00e4testens zum 31. Mai 2017 erfolgen.<\/p>\n<p>Interessenten k\u00f6nnen f\u00fcr weitere Informationen mit dem Tagungssekretariat\u00a0 Kontakt aufnehmen unter<\/p>\n<p>nem@gr-akademiker-berlin.de<br \/>\nHr. Giorgos Psachoulias<\/p>\n","protected":false},"excerpt":{"rendered":"<p>F\u00fcr die Tagung sind Beitr\u00e4ge erw\u00fcnscht von:<\/p>\n<p>    Wissenschaftlern und Akademikern mit dem Arbeitsschwerpunkt \u201eneue griechische Migration\u201c.<br \/>\n    Wissenschaftlern und Akademikern mit dem Arbeitsschwerpunkt \u201eBrain Drain\u201c<br \/>\n    Vertretern von Organisationen (Vereine der Auslandsgriechen, NGOs. Gewerkschaften, staatliche Institutionen), die sich mit dem Thema \u201eneue Migration\u201c besch\u00e4ftigen.<\/p>\n","protected":false},"author":1,"featured_media":0,"comment_status":"closed","ping_status":"closed","sticky":false,"template":"","format":"standard","meta":[],"categories":[51,9],"tags":[36],"_links":{"self":[{"href":"http:\/\/gr-akademiker-berlin.de\/index.php?rest_route=\/wp\/v2\/posts\/157"}],"collection":[{"href":"http:\/\/gr-akademiker-berlin.de\/index.php?rest_route=\/wp\/v2\/posts"}],"about":[{"href":"http:\/\/gr-akademiker-berlin.de\/index.php?rest_route=\/wp\/v2\/types\/post"}],"author":[{"embeddable":true,"href":"http:\/\/gr-akademiker-berlin.de\/index.php?rest_route=\/wp\/v2\/users\/1"}],"replies":[{"embeddable":true,"href":"http:\/\/gr-akademiker-berlin.de\/index.php?rest_route=%2Fwp%2Fv2%2Fcomments&post=157"}],"version-history":[{"count":12,"href":"http:\/\/gr-akademiker-berlin.de\/index.php?rest_route=\/wp\/v2\/posts\/157\/revisions"}],"predecessor-version":[{"id":353,"href":"http:\/\/gr-akademiker-berlin.de\/index.php?rest_route=\/wp\/v2\/posts\/157\/revisions\/353"}],"wp:attachment":[{"href":"http:\/\/gr-akademiker-berlin.de\/index.php?rest_route=%2Fwp%2Fv2%2Fmedia&parent=157"}],"wp:term":[{"taxonomy":"category","embeddable":true,"href":"http:\/\/gr-akademiker-berlin.de\/index.php?rest_route=%2Fwp%2Fv2%2Fcategories&post=157"},{"taxonomy":"post_tag","embeddable":true,"href":"http:\/\/gr-akademiker-berlin.de\/index.php?rest_route=%2Fwp%2Fv2%2Ftags&post=157"}],"curies":[{"name":"wp","href":"https:\/\/api.w.org\/{rel}","templated":true}]}}