{"id":151,"date":"2017-03-02T12:57:28","date_gmt":"2017-03-02T12:57:28","guid":{"rendered":"http:\/\/gr-akademiker-berlin.de\/?p=151"},"modified":"2020-05-12T08:19:02","modified_gmt":"2020-05-12T08:19:02","slug":"tagung-neue-griechische-migration","status":"publish","type":"post","link":"http:\/\/gr-akademiker-berlin.de\/?p=151&lang=de","title":{"rendered":"Tagung: Neue griechische Migration"},"content":{"rendered":"<blockquote><p><span style=\"font-size: 14pt;\">Tagung: Neue griechische Migration<\/span><br \/>\n<span style=\"font-size: 14pt;\"> 14-15 Oktober 2017, Berlin<\/span><\/p><\/blockquote>\n<p><span style=\"font-size: 14pt;\"><a href=\"http:\/\/gr-akademiker-berlin.de\/de\/neue-griechische-migration-call-for-papers\/\" target=\"_blank\">Call for papers<\/a>\u00a0| <a href=\"http:\/\/gr-akademiker-berlin.de\/de\/teilnahme-mit-praesentation-nem\/\" target=\"_blank\">Teilnahme mit Pr\u00e4sentation<\/a><\/span><\/p>\n<p>Der Verein Griechische Akademiker Berlin \/ Brandenburg veranstaltet am 14. und 15. Oktober 2017 eine Tagung zum Thema \u201eNeue griechische Migration\u201c. Ziel dieser Tagung ist die interdisziplinarische Untersuchung der unterschiedlichen Aspekte dieses Ph\u00e4nomens und die Entfaltung einer breiten Diskussion und eines vielf\u00e4ltigen Meinungsaustausches zwischen den Wissenschaftlern, den betroffenen deutschen und griechischen Organisationen und letztendlich den Migranten selbst.<\/p>\n<p>Die globale Finanzkrise hat auch Griechenland getroffen, in einer gr\u00f6\u00dferen Intensit\u00e4t als bei anderen europ\u00e4ischen L\u00e4ndern der Fall war. Im Zusammenhang mit den eingef\u00fchrten Sparma\u00dfnahmen und deren Einfluss auf den Arbeitsmarkt ist eine neue Migrationswelle entstanden. Um dieses komplexe Ph\u00e4nomen besser zu verstehen, m\u00fcssen seine geographische Verteilung beschrieben, dessen soziale Aspekte analysiert und eine Strategie bei den betroffenen sozialen Organisationen entwickelt werden.<\/p>\n<p><span style=\"font-size: 14pt;\">Ziele der Tagung sind:<\/span><\/p>\n<ul>\n<li>Die Darstellung der neuesten wissenschaftlichen Ergebnissen, sowohl auf theoretischer wie praxisbezogener Basis von spezialisierten Wissenschaftlern.<\/li>\n<li>Der Meinungsaustausch und der Erfahrungsvergleich zwischen der wissenschaftlichen Community, den Migranten selbst und betroffenen sozialen Organisationen, um die unterschiedlichen Aspekte des Ph\u00e4nomens zu beleuchten und dessen finanziellen, politischen und gesellschaftlichen Auswirkungen darzustellen.<\/li>\n<li>Die Darstellung von exemplarischen Aktivit\u00e4ten und sozialen Organisationen, die sich mit der neuen Migration besch\u00e4ftigen, sowohl in Deutschland, wie auch in anderen europ\u00e4ischen L\u00e4ndern.<\/li>\n<li>Die Darstellung des Ph\u00e4nomens und eine offene Diskussion \u00fcber seine Aspekte mit einer regen Publikumsteilnahme, Deutsche und Griechen, in Form z.B. von Podiumsdiskussionen. Verbunden mit einer m\u00f6glichst breiten \u00d6ffentlichkeitsarbeit durch Presse und Medien soll dadurch ein besserer Informationsstand \u00fcber das Thema neue griechische Migration in der deutschen Gesellschaft erreicht werden.<\/li>\n<\/ul>\n<p>In einer zweiten Phase soll, auf Basis der bei der Tagung gewonnenen Erkenntnisse und Meinungen, ein Netzwerk bzw. eine Koordinierung von Organisation, oder auch einzelnen Personen entstehen, die sich bei der Integration der neuen Migranten engagieren. F\u00fcr eine bessere Diffusion der Tagungsergebnisse wird der Verein die Herausgabe eines Tagungsbandes organisieren.<\/p>\n<p><span style=\"font-size: 14pt;\">Bei der Tagung haben bereits ihre Teilnahme zugesagt:<\/span><\/p>\n<ul>\n<li>Prof. emer. Michalis Damanakis, Universit\u00e4t Kreta<\/li>\n<li>Prof. Argiro Panagiotopoulou, Sprecherin Kompetenzfeld V &#8220;Soziale Ungleichheiten und Interkulturelle Bildung&#8221; (SINTER) im Zukunftskonzept der Exzellenzinitiative, Univ. K\u00f6ln<\/li>\n<li>Manolis Pratsinakis, Postdoc-Wissenschaftler Marie Curie in der Wirtschaftlichen Fakult\u00e4t der Univ. Makedonien, wiss. Mitarbeiter IMES Univ. Amsterdam<\/li>\n<\/ul>\n<p>&nbsp;<\/p>\n<p>Interessenten k\u00f6nnen f\u00fcr weitere Informationen mit dem Tagungssekretariat\u00a0 Kontakt aufnehmen unter<\/p>\n<p>nem@gr-akademiker-berlin.de<br \/>\nHr. Giorgos Psachoulias<\/p>\n","protected":false},"excerpt":{"rendered":"<p>Der Verein Griechische Akademiker Berlin \/ Brandenburg veranstaltet am 14. und 15. Oktober 2017 eine Tagung zum Thema \u201eNeue griechische Migration\u201c. Ziel dieser Tagung ist die interdisziplinarische Untersuchung der unterschiedlichen Aspekte dieses Ph\u00e4nomens und die Entfaltung einer breiten Diskussion und eines vielf\u00e4ltigen Meinungsaustausches zwischen den Wissenschaftlern, den betroffenen deutschen und griechischen Organisationen und letztendlich den Migranten selbst<\/p>\n","protected":false},"author":1,"featured_media":0,"comment_status":"closed","ping_status":"closed","sticky":false,"template":"","format":"standard","meta":[],"categories":[51,9],"tags":[36],"_links":{"self":[{"href":"http:\/\/gr-akademiker-berlin.de\/index.php?rest_route=\/wp\/v2\/posts\/151"}],"collection":[{"href":"http:\/\/gr-akademiker-berlin.de\/index.php?rest_route=\/wp\/v2\/posts"}],"about":[{"href":"http:\/\/gr-akademiker-berlin.de\/index.php?rest_route=\/wp\/v2\/types\/post"}],"author":[{"embeddable":true,"href":"http:\/\/gr-akademiker-berlin.de\/index.php?rest_route=\/wp\/v2\/users\/1"}],"replies":[{"embeddable":true,"href":"http:\/\/gr-akademiker-berlin.de\/index.php?rest_route=%2Fwp%2Fv2%2Fcomments&post=151"}],"version-history":[{"count":6,"href":"http:\/\/gr-akademiker-berlin.de\/index.php?rest_route=\/wp\/v2\/posts\/151\/revisions"}],"predecessor-version":[{"id":359,"href":"http:\/\/gr-akademiker-berlin.de\/index.php?rest_route=\/wp\/v2\/posts\/151\/revisions\/359"}],"wp:attachment":[{"href":"http:\/\/gr-akademiker-berlin.de\/index.php?rest_route=%2Fwp%2Fv2%2Fmedia&parent=151"}],"wp:term":[{"taxonomy":"category","embeddable":true,"href":"http:\/\/gr-akademiker-berlin.de\/index.php?rest_route=%2Fwp%2Fv2%2Fcategories&post=151"},{"taxonomy":"post_tag","embeddable":true,"href":"http:\/\/gr-akademiker-berlin.de\/index.php?rest_route=%2Fwp%2Fv2%2Ftags&post=151"}],"curies":[{"name":"wp","href":"https:\/\/api.w.org\/{rel}","templated":true}]}}